{"id":4878,"date":"2026-03-12T13:13:30","date_gmt":"2026-03-12T12:13:30","guid":{"rendered":"https:\/\/www.tlscontact.com\/?p=4878"},"modified":"2026-03-12T13:43:20","modified_gmt":"2026-03-12T12:43:20","slug":"inauguration-dun-nouveau-centre-pour-la-france-en-ouzbekistan","status":"publish","type":"post","link":"https:\/\/www.tlscontact.com\/fr\/actualites\/inauguration-dun-nouveau-centre-pour-la-france-en-ouzbekistan\/","title":{"rendered":"Inauguration d\u2019un nouveau centre pour la France en Ouzb\u00e9kistan"},"content":{"rendered":"\n<p><strong>Nous avons inaugur\u00e9\u00a0cette semaine\u00a0un\u00a0nouveau centre de visas\u00a0pour la France \u00e0 Tachkent, en Ouzb\u00e9kistan, le premier que nous ouvrons pour la France en Asie centrale. Aujourd\u2019hui, nous op\u00e9rons plus de 70 centres pour le compte des autorit\u00e9s fran\u00e7aises, r\u00e9partis sur quatre continents.<\/strong><\/p>\n\n\n\n<p>La c\u00e9r\u00e9monie d\u2019inauguration s\u2019est tenue en pr\u00e9sence de Son Excellence M. Walid Fouque,\u00a0Ambassadeur de France en Ouzb\u00e9kistan. L\u2019ouverture de ce centre fait suite \u00e0 l\u2019attribution\u00a0\u00e0 TLScontact\u00a0d\u2019un nouveau contrat en 2025 par l\u2019ambassade de France \u00e0 Tachkent. Pour la premi\u00e8re fois, l\u2019ambassade a choisi d\u2019externaliser l\u2019ensemble des aspects administratifs du processus de demande de visa \u00e0 un prestataire externe, tout en conservant\u00a0la pleine souverainet\u00e9 d\u00e9cisionnelle sur les dossiers\u00a0soumis.<\/p>\n\n\n\n<h2 class=\"wp-block-heading\"><strong>Nouvelle proc\u00e9dure et services suppl\u00e9mentaires pour accompagner les demandeurs<\/strong><\/h2>\n\n\n\n<p>Dans le cadre de\u00a0ce contrat, TLScontact g\u00e9rera plusieurs \u00e9tapes cl\u00e9s\u00a0de la proc\u00e9dure,\u00a0pour les visas de court s\u00e9jour et de long s\u00e9jour pour la\u00a0France\u202f:\u00a0prise de rendez-vous via un\u00a0<a href=\"https:\/\/visas-fr.tlscontact.com\/fr-fr\/country\/uz\/vac\/uzTAS2fr\" target=\"_blank\" rel=\"noreferrer noopener\">site internet<\/a>\u00a0d\u00e9di\u00e9, collecte des documents\u00a0justificatifs\u00a0et enr\u00f4lement biom\u00e9trique. Le nouveau centre sera ouvert du lundi au vendredi, et un centre d\u2019appels d\u00e9di\u00e9 sera \u00e9galement disponible cinq jours par semaine pour r\u00e9pondre aux questions des demandeurs.<\/p>\n\n\n\n<p>Une gamme de services optionnels sera propos\u00e9e, afin d\u2019am\u00e9liorer\u00a0le\u00a0confort\u00a0des\u00a0demandeurs\u00a0et de les accompagner tout au long du processus. Ces services\u00a0comprennent\u00a0des\u00a0<strong>rendez-vous\u00a0\u00ab\u202fPrime Time \u00bb<\/strong> disponibles en dehors des horaires d\u2019ouverture habituels, ainsi que l\u2019acc\u00e8s \u00e0 un <strong>Salon Premium<\/strong> pour une exp\u00e9rience plus personnalis\u00e9e et exclusive. Les demandeurs pourront \u00e9galement b\u00e9n\u00e9ficier\u00a0du service <strong>\u00ab\u00a0Aide \u00e0 la constitution du dossier\u202f\u00bb<\/strong>, pour\u00a0compl\u00e9ter leur\u00a0formulaire de demande en ligne France-Visas et pr\u00e9parer les documents justificatifs requis.\u00a0Enfin,\u00a0un service\u00a0de\u00a0<strong>retour par courrier express<\/strong> leur permettra de recevoir leur passeport en toute s\u00e9curit\u00e9 par courrier\u00a0une fois\u00a0la\u00a0d\u00e9cision prise sur leur dossier, sans\u00a0devoir\u00a0se rendre\u00a0au centre\u00a0une\u00a0deuxi\u00e8me\u00a0fois.\u00a0<\/p>\n\n\n\n<h2 class=\"wp-block-heading\"><strong>Expansion de notre pr\u00e9sence mondiale<\/strong>&nbsp;<\/h2>\n\n\n\n<p>Le nouveau centre est id\u00e9alement situ\u00e9 \u00e0 proximit\u00e9 de l\u2019ambassade de France \u00e0 Tachkent et a \u00e9t\u00e9 con\u00e7u conform\u00e9ment aux standards mondiaux du&nbsp;groupe en mati\u00e8re de qualit\u00e9, de s\u00e9curit\u00e9 et d\u2019accessibilit\u00e9. Une nouvelle \u00e9quipe locale a \u00e9t\u00e9 recrut\u00e9e et form\u00e9e pour op\u00e9rer le centre. Elle a \u00e9t\u00e9 accompagn\u00e9e par des coll\u00e8gues exp\u00e9riment\u00e9s issus de notre r\u00e9seau international afin d\u2019assurer un lancement fluide et&nbsp;un service de haute qualit\u00e9 d\u00e8s le premier jour.&nbsp;&nbsp;<\/p>\n\n\n\n<p>Commentant l\u2019inauguration,&nbsp;<strong>Son Excellence M. Walid Fouque<\/strong>,&nbsp;<strong>Ambassadeur de France<\/strong>, a d\u00e9clar\u00e9 :&nbsp;<br><em>\u00ab\u202fL\u2019ouverture de ce centre de visas va directement contribuer au d\u00e9veloppement des \u00e9changes entre nos\u202fdeux pays. Je remercie les \u00e9quipes dont le travail au quotidien refl\u00e8tera les valeurs ch\u00e8res \u00e0 la France, au premier desquelles l\u2019hospitalit\u00e9, et je leur adresse tous mes v\u0153ux de succ\u00e8s.\u202f\u00bb<\/em>&nbsp;<\/p>\n\n\n\n<p><strong>Irina Vassilyeva,\u00a0Responsable de zone pour l\u2019Asie centrale<\/strong>, a ajout\u00e9 :\u00a0<br><em>\u00ab Nous sommes ravis d\u2019ouvrir ce nouveau centre, apr\u00e8s\u00a0des\u00a0semaines d\u2019efforts intenses pour pr\u00e9parer le lancement. Nous nous r\u00e9jouissons de travailler \u00e9troitement avec l\u2019ambassade\u00a0pour\u00a0offrir une\u00a0exp\u00e9rience fluide aux demandeurs de visa en Ouzb\u00e9kistan et soutenir la r\u00e9putation et l\u2019attractivit\u00e9 de la France. \u00bb<\/em>\u00a0<\/p>\n\n\n\n<p>Ce nouveau centre constitue une \u00e9tape importante dans le d\u00e9veloppement de nos op\u00e9rations pour le compte de la France. Il s\u2019agit du premier centre de visas\u00a0que nous\u00a0op\u00e9rons\u00a0pour les autorit\u00e9s fran\u00e7aises en Asie centrale. Aujourd\u2019hui, nous g\u00e9rons plus de 70 centres de visas\u00a0pour la France sur quatre continents, o\u00f9 nous accompagnons les\u00a0ambassades et les demandeurs\u00a0pour apporter\u00a0de\u00a0l\u2019efficacit\u00e9, de la s\u00e9curit\u00e9 et\u00a0un\u00a0service\u00a0client de qualit\u00e9.<\/p>\n","protected":false},"excerpt":{"rendered":"<p>Nous avons inaugur\u00e9\u00a0cette semaine\u00a0un\u00a0nouveau centre de visas\u00a0pour la France \u00e0 Tachkent, en Ouzb\u00e9kistan, le premier que nous ouvrons pour la France en Asie centrale. Aujourd\u2019hui, nous op\u00e9rons plus de 70 centres pour le compte des autorit\u00e9s fran\u00e7aises, r\u00e9partis sur quatre continents. La c\u00e9r\u00e9monie d\u2019inauguration s\u2019est tenue en pr\u00e9sence de Son Excellence M. Walid Fouque,\u00a0Ambassadeur de [&hellip;]<\/p>\n","protected":false},"author":3,"featured_media":4879,"comment_status":"closed","ping_status":"open","sticky":false,"template":"","format":"standard","meta":{"_acf_changed":false,"inline_featured_image":false,"footnotes":""},"categories":[188],"tags":[],"class_list":["post-4878","post","type-post","status-publish","format-standard","has-post-thumbnail","hentry","category-actualites"],"acf":[],"yoast_head":"<!-- This site is optimized with the Yoast SEO plugin v27.2 - https:\/\/yoast.com\/product\/yoast-seo-wordpress\/ -->\n<title>Inauguration d\u2019un nouveau centre pour la France en Ouzb\u00e9kistan - TLScontact<\/title>\n<meta name=\"robots\" content=\"index, follow, max-snippet:-1, max-image-preview:large, max-video-preview:-1\" \/>\n<link rel=\"canonical\" href=\"https:\/\/www.tlscontact.com\/fr\/actualites\/inauguration-dun-nouveau-centre-pour-la-france-en-ouzbekistan\/\" \/>\n<meta property=\"og:locale\" content=\"fr_FR\" \/>\n<meta property=\"og:type\" content=\"article\" \/>\n<meta property=\"og:title\" content=\"Inauguration d\u2019un nouveau centre pour la France en Ouzb\u00e9kistan - TLScontact\" \/>\n<meta property=\"og:description\" content=\"Nous avons inaugur\u00e9\u00a0cette semaine\u00a0un\u00a0nouveau centre de visas\u00a0pour la France \u00e0 Tachkent, en Ouzb\u00e9kistan, le premier que nous ouvrons pour la France en Asie centrale. Aujourd\u2019hui, nous op\u00e9rons plus de 70 centres pour le compte des autorit\u00e9s fran\u00e7aises, r\u00e9partis sur quatre continents. La c\u00e9r\u00e9monie d\u2019inauguration s\u2019est tenue en pr\u00e9sence de Son Excellence M. Walid Fouque,\u00a0Ambassadeur de [&hellip;]\" \/>\n<meta property=\"og:url\" content=\"https:\/\/www.tlscontact.com\/fr\/actualites\/inauguration-dun-nouveau-centre-pour-la-france-en-ouzbekistan\/\" \/>\n<meta property=\"og:site_name\" content=\"TLScontact\" \/>\n<meta property=\"article:published_time\" content=\"2026-03-12T12:13:30+00:00\" \/>\n<meta property=\"article:modified_time\" content=\"2026-03-12T12:43:20+00:00\" \/>\n<meta property=\"og:image\" content=\"https:\/\/www.tlscontact.com\/wp-content\/uploads\/2026\/03\/UZ2FR_resized.png\" \/>\n\t<meta property=\"og:image:width\" content=\"900\" \/>\n\t<meta property=\"og:image:height\" content=\"600\" \/>\n\t<meta property=\"og:image:type\" content=\"image\/png\" \/>\n<meta name=\"author\" content=\"Hanine Touil\" \/>\n<meta name=\"twitter:card\" content=\"summary_large_image\" \/>\n<meta name=\"twitter:label1\" content=\"\u00c9crit par\" \/>\n\t<meta name=\"twitter:data1\" content=\"Hanine Touil\" \/>\n\t<meta name=\"twitter:label2\" content=\"Dur\u00e9e de lecture estim\u00e9e\" \/>\n\t<meta name=\"twitter:data2\" content=\"3 minutes\" \/>\n<script type=\"application\/ld+json\" class=\"yoast-schema-graph\">{\"@context\":\"https:\/\/schema.org\",\"@graph\":[{\"@type\":\"Article\",\"@id\":\"https:\/\/www.tlscontact.com\/fr\/actualites\/inauguration-dun-nouveau-centre-pour-la-france-en-ouzbekistan\/#article\",\"isPartOf\":{\"@id\":\"https:\/\/www.tlscontact.com\/fr\/actualites\/inauguration-dun-nouveau-centre-pour-la-france-en-ouzbekistan\/\"},\"author\":{\"name\":\"Hanine Touil\",\"@id\":\"https:\/\/www.tlscontact.com\/en\/#\/schema\/person\/2a3258974c476fda71d9409624d9a5fa\"},\"headline\":\"Inauguration d\u2019un nouveau centre pour la France en Ouzb\u00e9kistan\",\"datePublished\":\"2026-03-12T12:13:30+00:00\",\"dateModified\":\"2026-03-12T12:43:20+00:00\",\"mainEntityOfPage\":{\"@id\":\"https:\/\/www.tlscontact.com\/fr\/actualites\/inauguration-dun-nouveau-centre-pour-la-france-en-ouzbekistan\/\"},\"wordCount\":675,\"image\":{\"@id\":\"https:\/\/www.tlscontact.com\/fr\/actualites\/inauguration-dun-nouveau-centre-pour-la-france-en-ouzbekistan\/#primaryimage\"},\"thumbnailUrl\":\"https:\/\/www.tlscontact.com\/wp-content\/uploads\/2026\/03\/UZ2FR_resized.png\",\"articleSection\":[\"Actualit\u00e9s\"],\"inLanguage\":\"fr-FR\"},{\"@type\":\"WebPage\",\"@id\":\"https:\/\/www.tlscontact.com\/fr\/actualites\/inauguration-dun-nouveau-centre-pour-la-france-en-ouzbekistan\/\",\"url\":\"https:\/\/www.tlscontact.com\/fr\/actualites\/inauguration-dun-nouveau-centre-pour-la-france-en-ouzbekistan\/\",\"name\":\"Inauguration d\u2019un nouveau centre pour la France en Ouzb\u00e9kistan - TLScontact\",\"isPartOf\":{\"@id\":\"https:\/\/www.tlscontact.com\/en\/#website\"},\"primaryImageOfPage\":{\"@id\":\"https:\/\/www.tlscontact.com\/fr\/actualites\/inauguration-dun-nouveau-centre-pour-la-france-en-ouzbekistan\/#primaryimage\"},\"image\":{\"@id\":\"https:\/\/www.tlscontact.com\/fr\/actualites\/inauguration-dun-nouveau-centre-pour-la-france-en-ouzbekistan\/#primaryimage\"},\"thumbnailUrl\":\"https:\/\/www.tlscontact.com\/wp-content\/uploads\/2026\/03\/UZ2FR_resized.png\",\"datePublished\":\"2026-03-12T12:13:30+00:00\",\"dateModified\":\"2026-03-12T12:43:20+00:00\",\"author\":{\"@id\":\"https:\/\/www.tlscontact.com\/en\/#\/schema\/person\/2a3258974c476fda71d9409624d9a5fa\"},\"breadcrumb\":{\"@id\":\"https:\/\/www.tlscontact.com\/fr\/actualites\/inauguration-dun-nouveau-centre-pour-la-france-en-ouzbekistan\/#breadcrumb\"},\"inLanguage\":\"fr-FR\",\"potentialAction\":[{\"@type\":\"ReadAction\",\"target\":[\"https:\/\/www.tlscontact.com\/fr\/actualites\/inauguration-dun-nouveau-centre-pour-la-france-en-ouzbekistan\/\"]}]},{\"@type\":\"ImageObject\",\"inLanguage\":\"fr-FR\",\"@id\":\"https:\/\/www.tlscontact.com\/fr\/actualites\/inauguration-dun-nouveau-centre-pour-la-france-en-ouzbekistan\/#primaryimage\",\"url\":\"https:\/\/www.tlscontact.com\/wp-content\/uploads\/2026\/03\/UZ2FR_resized.png\",\"contentUrl\":\"https:\/\/www.tlscontact.com\/wp-content\/uploads\/2026\/03\/UZ2FR_resized.png\",\"width\":900,\"height\":600},{\"@type\":\"BreadcrumbList\",\"@id\":\"https:\/\/www.tlscontact.com\/fr\/actualites\/inauguration-dun-nouveau-centre-pour-la-france-en-ouzbekistan\/#breadcrumb\",\"itemListElement\":[{\"@type\":\"ListItem\",\"position\":1,\"name\":\"Home\",\"item\":\"https:\/\/www.tlscontact.com\/fr\/\"},{\"@type\":\"ListItem\",\"position\":2,\"name\":\"Inauguration d\u2019un nouveau centre pour la France en Ouzb\u00e9kistan\"}]},{\"@type\":\"WebSite\",\"@id\":\"https:\/\/www.tlscontact.com\/en\/#website\",\"url\":\"https:\/\/www.tlscontact.com\/en\/\",\"name\":\"TLScontact\",\"description\":\"Your visa partner\",\"potentialAction\":[{\"@type\":\"SearchAction\",\"target\":{\"@type\":\"EntryPoint\",\"urlTemplate\":\"https:\/\/www.tlscontact.com\/en\/?s={search_term_string}\"},\"query-input\":{\"@type\":\"PropertyValueSpecification\",\"valueRequired\":true,\"valueName\":\"search_term_string\"}}],\"inLanguage\":\"fr-FR\"},{\"@type\":\"Person\",\"@id\":\"https:\/\/www.tlscontact.com\/en\/#\/schema\/person\/2a3258974c476fda71d9409624d9a5fa\",\"name\":\"Hanine Touil\",\"image\":{\"@type\":\"ImageObject\",\"inLanguage\":\"fr-FR\",\"@id\":\"https:\/\/secure.gravatar.com\/avatar\/9d57f162c24fcbe4ef42ad4a7983da99e9a6137aa4e93ad2856193baa5a2de8e?s=96&d=mm&r=g\",\"url\":\"https:\/\/secure.gravatar.com\/avatar\/9d57f162c24fcbe4ef42ad4a7983da99e9a6137aa4e93ad2856193baa5a2de8e?s=96&d=mm&r=g\",\"contentUrl\":\"https:\/\/secure.gravatar.com\/avatar\/9d57f162c24fcbe4ef42ad4a7983da99e9a6137aa4e93ad2856193baa5a2de8e?s=96&d=mm&r=g\",\"caption\":\"Hanine Touil\"},\"url\":\"https:\/\/www.tlscontact.com\/fr\/author\/htouil\/\"}]}<\/script>\n<!-- \/ Yoast SEO plugin. -->","yoast_head_json":{"title":"Inauguration d\u2019un nouveau centre pour la France en Ouzb\u00e9kistan - TLScontact","robots":{"index":"index","follow":"follow","max-snippet":"max-snippet:-1","max-image-preview":"max-image-preview:large","max-video-preview":"max-video-preview:-1"},"canonical":"https:\/\/www.tlscontact.com\/fr\/actualites\/inauguration-dun-nouveau-centre-pour-la-france-en-ouzbekistan\/","og_locale":"fr_FR","og_type":"article","og_title":"Inauguration d\u2019un nouveau centre pour la France en Ouzb\u00e9kistan - TLScontact","og_description":"Nous avons inaugur\u00e9\u00a0cette semaine\u00a0un\u00a0nouveau centre de visas\u00a0pour la France \u00e0 Tachkent, en Ouzb\u00e9kistan, le premier que nous ouvrons pour la France en Asie centrale. Aujourd\u2019hui, nous op\u00e9rons plus de 70 centres pour le compte des autorit\u00e9s fran\u00e7aises, r\u00e9partis sur quatre continents. La c\u00e9r\u00e9monie d\u2019inauguration s\u2019est tenue en pr\u00e9sence de Son Excellence M. Walid Fouque,\u00a0Ambassadeur de [&hellip;]","og_url":"https:\/\/www.tlscontact.com\/fr\/actualites\/inauguration-dun-nouveau-centre-pour-la-france-en-ouzbekistan\/","og_site_name":"TLScontact","article_published_time":"2026-03-12T12:13:30+00:00","article_modified_time":"2026-03-12T12:43:20+00:00","og_image":[{"width":900,"height":600,"url":"https:\/\/www.tlscontact.com\/wp-content\/uploads\/2026\/03\/UZ2FR_resized.png","type":"image\/png"}],"author":"Hanine Touil","twitter_card":"summary_large_image","twitter_misc":{"\u00c9crit par":"Hanine Touil","Dur\u00e9e de lecture estim\u00e9e":"3 minutes"},"schema":{"@context":"https:\/\/schema.org","@graph":[{"@type":"Article","@id":"https:\/\/www.tlscontact.com\/fr\/actualites\/inauguration-dun-nouveau-centre-pour-la-france-en-ouzbekistan\/#article","isPartOf":{"@id":"https:\/\/www.tlscontact.com\/fr\/actualites\/inauguration-dun-nouveau-centre-pour-la-france-en-ouzbekistan\/"},"author":{"name":"Hanine Touil","@id":"https:\/\/www.tlscontact.com\/en\/#\/schema\/person\/2a3258974c476fda71d9409624d9a5fa"},"headline":"Inauguration d\u2019un nouveau centre pour la France en Ouzb\u00e9kistan","datePublished":"2026-03-12T12:13:30+00:00","dateModified":"2026-03-12T12:43:20+00:00","mainEntityOfPage":{"@id":"https:\/\/www.tlscontact.com\/fr\/actualites\/inauguration-dun-nouveau-centre-pour-la-france-en-ouzbekistan\/"},"wordCount":675,"image":{"@id":"https:\/\/www.tlscontact.com\/fr\/actualites\/inauguration-dun-nouveau-centre-pour-la-france-en-ouzbekistan\/#primaryimage"},"thumbnailUrl":"https:\/\/www.tlscontact.com\/wp-content\/uploads\/2026\/03\/UZ2FR_resized.png","articleSection":["Actualit\u00e9s"],"inLanguage":"fr-FR"},{"@type":"WebPage","@id":"https:\/\/www.tlscontact.com\/fr\/actualites\/inauguration-dun-nouveau-centre-pour-la-france-en-ouzbekistan\/","url":"https:\/\/www.tlscontact.com\/fr\/actualites\/inauguration-dun-nouveau-centre-pour-la-france-en-ouzbekistan\/","name":"Inauguration d\u2019un nouveau centre pour la France en Ouzb\u00e9kistan - TLScontact","isPartOf":{"@id":"https:\/\/www.tlscontact.com\/en\/#website"},"primaryImageOfPage":{"@id":"https:\/\/www.tlscontact.com\/fr\/actualites\/inauguration-dun-nouveau-centre-pour-la-france-en-ouzbekistan\/#primaryimage"},"image":{"@id":"https:\/\/www.tlscontact.com\/fr\/actualites\/inauguration-dun-nouveau-centre-pour-la-france-en-ouzbekistan\/#primaryimage"},"thumbnailUrl":"https:\/\/www.tlscontact.com\/wp-content\/uploads\/2026\/03\/UZ2FR_resized.png","datePublished":"2026-03-12T12:13:30+00:00","dateModified":"2026-03-12T12:43:20+00:00","author":{"@id":"https:\/\/www.tlscontact.com\/en\/#\/schema\/person\/2a3258974c476fda71d9409624d9a5fa"},"breadcrumb":{"@id":"https:\/\/www.tlscontact.com\/fr\/actualites\/inauguration-dun-nouveau-centre-pour-la-france-en-ouzbekistan\/#breadcrumb"},"inLanguage":"fr-FR","potentialAction":[{"@type":"ReadAction","target":["https:\/\/www.tlscontact.com\/fr\/actualites\/inauguration-dun-nouveau-centre-pour-la-france-en-ouzbekistan\/"]}]},{"@type":"ImageObject","inLanguage":"fr-FR","@id":"https:\/\/www.tlscontact.com\/fr\/actualites\/inauguration-dun-nouveau-centre-pour-la-france-en-ouzbekistan\/#primaryimage","url":"https:\/\/www.tlscontact.com\/wp-content\/uploads\/2026\/03\/UZ2FR_resized.png","contentUrl":"https:\/\/www.tlscontact.com\/wp-content\/uploads\/2026\/03\/UZ2FR_resized.png","width":900,"height":600},{"@type":"BreadcrumbList","@id":"https:\/\/www.tlscontact.com\/fr\/actualites\/inauguration-dun-nouveau-centre-pour-la-france-en-ouzbekistan\/#breadcrumb","itemListElement":[{"@type":"ListItem","position":1,"name":"Home","item":"https:\/\/www.tlscontact.com\/fr\/"},{"@type":"ListItem","position":2,"name":"Inauguration d\u2019un nouveau centre pour la France en Ouzb\u00e9kistan"}]},{"@type":"WebSite","@id":"https:\/\/www.tlscontact.com\/en\/#website","url":"https:\/\/www.tlscontact.com\/en\/","name":"TLScontact","description":"Your visa partner","potentialAction":[{"@type":"SearchAction","target":{"@type":"EntryPoint","urlTemplate":"https:\/\/www.tlscontact.com\/en\/?s={search_term_string}"},"query-input":{"@type":"PropertyValueSpecification","valueRequired":true,"valueName":"search_term_string"}}],"inLanguage":"fr-FR"},{"@type":"Person","@id":"https:\/\/www.tlscontact.com\/en\/#\/schema\/person\/2a3258974c476fda71d9409624d9a5fa","name":"Hanine Touil","image":{"@type":"ImageObject","inLanguage":"fr-FR","@id":"https:\/\/secure.gravatar.com\/avatar\/9d57f162c24fcbe4ef42ad4a7983da99e9a6137aa4e93ad2856193baa5a2de8e?s=96&d=mm&r=g","url":"https:\/\/secure.gravatar.com\/avatar\/9d57f162c24fcbe4ef42ad4a7983da99e9a6137aa4e93ad2856193baa5a2de8e?s=96&d=mm&r=g","contentUrl":"https:\/\/secure.gravatar.com\/avatar\/9d57f162c24fcbe4ef42ad4a7983da99e9a6137aa4e93ad2856193baa5a2de8e?s=96&d=mm&r=g","caption":"Hanine Touil"},"url":"https:\/\/www.tlscontact.com\/fr\/author\/htouil\/"}]}},"_links":{"self":[{"href":"https:\/\/www.tlscontact.com\/fr\/wp-json\/wp\/v2\/posts\/4878","targetHints":{"allow":["GET"]}}],"collection":[{"href":"https:\/\/www.tlscontact.com\/fr\/wp-json\/wp\/v2\/posts"}],"about":[{"href":"https:\/\/www.tlscontact.com\/fr\/wp-json\/wp\/v2\/types\/post"}],"author":[{"embeddable":true,"href":"https:\/\/www.tlscontact.com\/fr\/wp-json\/wp\/v2\/users\/3"}],"replies":[{"embeddable":true,"href":"https:\/\/www.tlscontact.com\/fr\/wp-json\/wp\/v2\/comments?post=4878"}],"version-history":[{"count":0,"href":"https:\/\/www.tlscontact.com\/fr\/wp-json\/wp\/v2\/posts\/4878\/revisions"}],"wp:featuredmedia":[{"embeddable":true,"href":"https:\/\/www.tlscontact.com\/fr\/wp-json\/wp\/v2\/media\/4879"}],"wp:attachment":[{"href":"https:\/\/www.tlscontact.com\/fr\/wp-json\/wp\/v2\/media?parent=4878"}],"wp:term":[{"taxonomy":"category","embeddable":true,"href":"https:\/\/www.tlscontact.com\/fr\/wp-json\/wp\/v2\/categories?post=4878"},{"taxonomy":"post_tag","embeddable":true,"href":"https:\/\/www.tlscontact.com\/fr\/wp-json\/wp\/v2\/tags?post=4878"}],"curies":[{"name":"wp","href":"https:\/\/api.w.org\/{rel}","templated":true}]}}